{"id":1162,"date":"2015-08-01T15:41:41","date_gmt":"2015-08-01T14:41:41","guid":{"rendered":"http:\/\/chorege.ch\/?p=1162"},"modified":"2015-08-03T08:45:10","modified_gmt":"2015-08-03T07:45:10","slug":"reflets-de-notre-voyage-a-lyon","status":"publish","type":"post","link":"https:\/\/chorege.ch\/?p=1162","title":{"rendered":"Reflets de notre voyage \u00e0 Lyon"},"content":{"rendered":"<p style=\"text-align: center;\">C&rsquo;est le 1er week-end de juillet que nous \u00e9tions attendus \u00e0 Lyon par le <a title=\"Alter Echo Lyon\" href=\"http:\/\/www.alter-echo.org\/\">Choeur Alter Echo<\/a><\/p>\n<p style=\"text-align: center;\">Partage musical et amical sous un soleil \u00e9clatant \ud83d\ude09 Un chaleureux merci \u00e0 toutes celles et ceux qui ont fait de cette rencontre une magnifique r\u00e9ussite !! Rendez-vous sur notre <a title=\"Lyon \u2013 juillet 2015\" href=\"http:\/\/chorege.ch\/?page_id=1155\">galerie<\/a> pour d\u00e9couvrir quelques photos (merci \u00e0 nos 2 photographes Patrick et Alex)<\/p>\n<p style=\"text-align: center;\"><a href=\"http:\/\/chorege.ch\/wp-content\/uploads\/2015\/08\/IMG_9849.jpg\"><img loading=\"lazy\" decoding=\"async\" class=\"alignnone size-medium wp-image-1163\" alt=\"IMG_9849\" src=\"http:\/\/chorege.ch\/wp-content\/uploads\/2015\/08\/IMG_9849-300x199.jpg\" width=\"300\" height=\"199\" srcset=\"https:\/\/chorege.ch\/wp-content\/uploads\/2015\/08\/IMG_9849-300x199.jpg 300w, https:\/\/chorege.ch\/wp-content\/uploads\/2015\/08\/IMG_9849-588x391.jpg 588w, https:\/\/chorege.ch\/wp-content\/uploads\/2015\/08\/IMG_9849.jpg 800w\" sizes=\"auto, (max-width: 300px) 100vw, 300px\" \/><\/a><\/p>\n<p style=\"text-align: center;\">Nous ne manquerons pas de vous informer quand nous les accueillerons dans notre r\u00e9gion : concert \u00e0 ne pas manquer !<\/p>\n<p style=\"text-align: left;\"><span style=\"text-decoration: underline;\">Et, n&rsquo;oubliez pas : nous cherchons des t\u00e9nors et des basses pour la rentr\u00e9e. Cliquez sur \u00ab\u00a0anciens postes\u00a0\u00bb pour les d\u00e9tails<\/span><\/p>\n","protected":false},"excerpt":{"rendered":"<p>C&rsquo;est le 1er week-end de juillet que nous \u00e9tions attendus \u00e0 Lyon par le Choeur Alter Echo Partage musical et amical sous un soleil \u00e9clatant \ud83d\ude09 Un chaleureux merci \u00e0 toutes celles et ceux qui ont fait de cette rencontre une magnifique r\u00e9ussite !! Rendez-vous sur notre galerie pour d\u00e9couvrir quelques photos (merci \u00e0 nos 2 photographes Patrick et Alex) Nous ne manquerons pas de vous informer quand nous les accueillerons dans notre r\u00e9gion : concert \u00e0 ne pas manquer ! Et, n&rsquo;oubliez pas : nous cherchons des t\u00e9nors et des basses pour la rentr\u00e9e. Cliquez sur \u00ab\u00a0anciens postes\u00a0\u00bb pour les d\u00e9tails<\/p>\n","protected":false},"author":8,"featured_media":0,"comment_status":"open","ping_status":"closed","sticky":false,"template":"","format":"standard","meta":{"ngg_post_thumbnail":0,"footnotes":""},"categories":[1],"tags":[],"class_list":["post-1162","post","type-post","status-publish","format-standard","hentry","category-default"],"_links":{"self":[{"href":"https:\/\/chorege.ch\/index.php?rest_route=\/wp\/v2\/posts\/1162","targetHints":{"allow":["GET"]}}],"collection":[{"href":"https:\/\/chorege.ch\/index.php?rest_route=\/wp\/v2\/posts"}],"about":[{"href":"https:\/\/chorege.ch\/index.php?rest_route=\/wp\/v2\/types\/post"}],"author":[{"embeddable":true,"href":"https:\/\/chorege.ch\/index.php?rest_route=\/wp\/v2\/users\/8"}],"replies":[{"embeddable":true,"href":"https:\/\/chorege.ch\/index.php?rest_route=%2Fwp%2Fv2%2Fcomments&post=1162"}],"version-history":[{"count":7,"href":"https:\/\/chorege.ch\/index.php?rest_route=\/wp\/v2\/posts\/1162\/revisions"}],"predecessor-version":[{"id":1179,"href":"https:\/\/chorege.ch\/index.php?rest_route=\/wp\/v2\/posts\/1162\/revisions\/1179"}],"wp:attachment":[{"href":"https:\/\/chorege.ch\/index.php?rest_route=%2Fwp%2Fv2%2Fmedia&parent=1162"}],"wp:term":[{"taxonomy":"category","embeddable":true,"href":"https:\/\/chorege.ch\/index.php?rest_route=%2Fwp%2Fv2%2Fcategories&post=1162"},{"taxonomy":"post_tag","embeddable":true,"href":"https:\/\/chorege.ch\/index.php?rest_route=%2Fwp%2Fv2%2Ftags&post=1162"}],"curies":[{"name":"wp","href":"https:\/\/api.w.org\/{rel}","templated":true}]}}