{"id":1208,"date":"2015-09-28T13:05:17","date_gmt":"2015-09-28T12:05:17","guid":{"rendered":"http:\/\/chorege.ch\/?p=1208"},"modified":"2015-10-15T07:10:49","modified_gmt":"2015-10-15T06:10:49","slug":"bulletin-saison-2014-2015","status":"publish","type":"post","link":"https:\/\/chorege.ch\/?p=1208","title":{"rendered":"Bulletin saison 2014-2015"},"content":{"rendered":"<p style=\"text-align: center;\"><strong><span style=\"color: #ff6600;\"><a href=\"http:\/\/chorege.ch\/?page_id=1168\">Acc\u00e8s direct sur la \u00ab\u00a0page\u00a0\u00bb 31 d\u00e9cembre <\/a><\/span><\/strong><\/p>\n<p style=\"text-align: center;\">Le nouveau bulletin vient d&rsquo;\u00eatre envoy\u00e9 \u00e0 tous nos fid\u00e8les membres-amis<\/p>\n<p><a href=\"http:\/\/chorege.ch\/wp-content\/uploads\/2015\/09\/Bulletin-Chor\u00e8ge.jpg\"><img loading=\"lazy\" decoding=\"async\" class=\"size-medium wp-image-1213 aligncenter\" src=\"http:\/\/chorege.ch\/wp-content\/uploads\/2015\/09\/Bulletin-Chor\u00e8ge-211x300.jpg\" alt=\"Bulletin Chor\u00e8ge\" width=\"211\" height=\"300\" srcset=\"https:\/\/chorege.ch\/wp-content\/uploads\/2015\/09\/Bulletin-Chor\u00e8ge-211x300.jpg 211w, https:\/\/chorege.ch\/wp-content\/uploads\/2015\/09\/Bulletin-Chor\u00e8ge.jpg 563w\" sizes=\"auto, (max-width: 211px) 100vw, 211px\" \/><\/a><\/p>\n<p style=\"text-align: justify;\">Si vous ne l&rsquo;avez pas re\u00e7u et que vous \u00eates int\u00e9ress\u00e9s d&rsquo;en d\u00e9couvrir le contenu, n&rsquo;h\u00e9sitez pas \u00e0 rejoindre nos \u00ab\u00a0fans\u00a0\u00bb en nous communiquant vos nom et adresse&#8230; Pour la modique somme de Fr. 20.&#8211; par ann\u00e9e ou plus, vous aurez droit au bulletin ainsi qu&rsquo;\u00e0 une ou deux entr\u00e9es \u00e0 notre concert annuel.<\/p>\n<p style=\"text-align: justify;\">D&rsquo;avance un tout grand merci pour votre pr\u00e9cieux soutien !<\/p>\n<p>&nbsp;<\/p>\n","protected":false},"excerpt":{"rendered":"<p>Acc\u00e8s direct sur la \u00ab\u00a0page\u00a0\u00bb 31 d\u00e9cembre Le nouveau bulletin vient d&rsquo;\u00eatre envoy\u00e9 \u00e0 tous nos fid\u00e8les membres-amis Si vous ne l&rsquo;avez pas re\u00e7u et que vous \u00eates int\u00e9ress\u00e9s d&rsquo;en d\u00e9couvrir le contenu, n&rsquo;h\u00e9sitez pas \u00e0 rejoindre nos \u00ab\u00a0fans\u00a0\u00bb en nous communiquant vos nom et adresse&#8230; Pour la modique somme de Fr. 20.&#8211; par ann\u00e9e ou plus, vous aurez droit au bulletin ainsi qu&rsquo;\u00e0 une ou deux entr\u00e9es \u00e0 notre concert annuel. D&rsquo;avance un tout grand merci pour votre pr\u00e9cieux soutien ! &nbsp;<\/p>\n","protected":false},"author":8,"featured_media":0,"comment_status":"open","ping_status":"closed","sticky":false,"template":"","format":"standard","meta":{"ngg_post_thumbnail":0,"footnotes":""},"categories":[1],"tags":[],"class_list":["post-1208","post","type-post","status-publish","format-standard","hentry","category-default"],"_links":{"self":[{"href":"https:\/\/chorege.ch\/index.php?rest_route=\/wp\/v2\/posts\/1208","targetHints":{"allow":["GET"]}}],"collection":[{"href":"https:\/\/chorege.ch\/index.php?rest_route=\/wp\/v2\/posts"}],"about":[{"href":"https:\/\/chorege.ch\/index.php?rest_route=\/wp\/v2\/types\/post"}],"author":[{"embeddable":true,"href":"https:\/\/chorege.ch\/index.php?rest_route=\/wp\/v2\/users\/8"}],"replies":[{"embeddable":true,"href":"https:\/\/chorege.ch\/index.php?rest_route=%2Fwp%2Fv2%2Fcomments&post=1208"}],"version-history":[{"count":8,"href":"https:\/\/chorege.ch\/index.php?rest_route=\/wp\/v2\/posts\/1208\/revisions"}],"predecessor-version":[{"id":1229,"href":"https:\/\/chorege.ch\/index.php?rest_route=\/wp\/v2\/posts\/1208\/revisions\/1229"}],"wp:attachment":[{"href":"https:\/\/chorege.ch\/index.php?rest_route=%2Fwp%2Fv2%2Fmedia&parent=1208"}],"wp:term":[{"taxonomy":"category","embeddable":true,"href":"https:\/\/chorege.ch\/index.php?rest_route=%2Fwp%2Fv2%2Fcategories&post=1208"},{"taxonomy":"post_tag","embeddable":true,"href":"https:\/\/chorege.ch\/index.php?rest_route=%2Fwp%2Fv2%2Ftags&post=1208"}],"curies":[{"name":"wp","href":"https:\/\/api.w.org\/{rel}","templated":true}]}}