{"id":1565,"date":"2015-11-10T15:34:52","date_gmt":"2015-11-10T14:34:52","guid":{"rendered":"http:\/\/chorege.ch\/?p=1565"},"modified":"2015-12-09T10:00:11","modified_gmt":"2015-12-09T09:00:11","slug":"concerts-de-lavent","status":"publish","type":"post","link":"https:\/\/chorege.ch\/?p=1565","title":{"rendered":"Concerts de l&rsquo;Avent"},"content":{"rendered":"<p style=\"text-align: center;\">Vous avez envie de passer le R\u00e9veillon en musique&#8230;<\/p>\n<p style=\"text-align: center;\"><a href=\"http:\/\/chorege.ch\/wp-content\/uploads\/2015\/12\/Concert-Nouvel-An-1.jpg\"><img loading=\"lazy\" decoding=\"async\" class=\"alignnone size-medium wp-image-1595\" src=\"http:\/\/chorege.ch\/wp-content\/uploads\/2015\/12\/Concert-Nouvel-An-1-212x300.jpg\" alt=\"Concert Nouvel-An-1\" width=\"212\" height=\"300\" srcset=\"https:\/\/chorege.ch\/wp-content\/uploads\/2015\/12\/Concert-Nouvel-An-1-212x300.jpg 212w, https:\/\/chorege.ch\/wp-content\/uploads\/2015\/12\/Concert-Nouvel-An-1-724x1024.jpg 724w, https:\/\/chorege.ch\/wp-content\/uploads\/2015\/12\/Concert-Nouvel-An-1-588x832.jpg 588w, https:\/\/chorege.ch\/wp-content\/uploads\/2015\/12\/Concert-Nouvel-An-1.jpg 1240w\" sizes=\"auto, (max-width: 212px) 100vw, 212px\" \/><\/a><\/p>\n<p style=\"text-align: center;\">Venez f\u00eater avec nous ce bel anniversaire<br \/>\n<em>(photo des membres de Chor\u00e8ge et des chanteurs qui nous ont rejoint pour cette aventure)<\/em><\/p>\n<p style=\"text-align: center;\"><a href=\"http:\/\/chorege.ch\/wp-content\/uploads\/2015\/12\/Chor\u00e8ge-31.12.2015.jpeg\"><img loading=\"lazy\" decoding=\"async\" class=\"alignnone size-medium wp-image-1600\" src=\"http:\/\/chorege.ch\/wp-content\/uploads\/2015\/12\/Chor\u00e8ge-31.12.2015-300x160.jpeg\" alt=\"Chor\u00e8ge - 31.12.2015\" width=\"300\" height=\"160\" srcset=\"https:\/\/chorege.ch\/wp-content\/uploads\/2015\/12\/Chor\u00e8ge-31.12.2015-300x160.jpeg 300w, https:\/\/chorege.ch\/wp-content\/uploads\/2015\/12\/Chor\u00e8ge-31.12.2015-1024x546.jpeg 1024w, https:\/\/chorege.ch\/wp-content\/uploads\/2015\/12\/Chor\u00e8ge-31.12.2015-588x314.jpeg 588w\" sizes=\"auto, (max-width: 300px) 100vw, 300px\" \/><\/a><\/p>\n<p style=\"text-align: center;\">Les billets\u00a0 sont en vente, pensez \u00e0 vos cadeaux de No\u00ebl !<br \/>\n<a href=\"http:\/\/chorege.ch\/?page_id=1168\">toutes les infos en cliquant sur ce lien<\/a><\/p>\n<p style=\"text-align: center;\">\u00a0<\/p>\n","protected":false},"excerpt":{"rendered":"<p>Vous avez envie de passer le R\u00e9veillon en musique&#8230; Venez f\u00eater avec nous ce bel anniversaire (photo des membres de Chor\u00e8ge et des chanteurs qui nous ont rejoint pour cette aventure) Les billets\u00a0 sont en vente, pensez \u00e0 vos cadeaux de No\u00ebl ! toutes les infos en cliquant sur ce lien \u00a0<\/p>\n","protected":false},"author":8,"featured_media":0,"comment_status":"open","ping_status":"closed","sticky":false,"template":"","format":"standard","meta":{"ngg_post_thumbnail":0,"footnotes":""},"categories":[1],"tags":[],"class_list":["post-1565","post","type-post","status-publish","format-standard","hentry","category-default"],"_links":{"self":[{"href":"https:\/\/chorege.ch\/index.php?rest_route=\/wp\/v2\/posts\/1565","targetHints":{"allow":["GET"]}}],"collection":[{"href":"https:\/\/chorege.ch\/index.php?rest_route=\/wp\/v2\/posts"}],"about":[{"href":"https:\/\/chorege.ch\/index.php?rest_route=\/wp\/v2\/types\/post"}],"author":[{"embeddable":true,"href":"https:\/\/chorege.ch\/index.php?rest_route=\/wp\/v2\/users\/8"}],"replies":[{"embeddable":true,"href":"https:\/\/chorege.ch\/index.php?rest_route=%2Fwp%2Fv2%2Fcomments&post=1565"}],"version-history":[{"count":6,"href":"https:\/\/chorege.ch\/index.php?rest_route=\/wp\/v2\/posts\/1565\/revisions"}],"predecessor-version":[{"id":1604,"href":"https:\/\/chorege.ch\/index.php?rest_route=\/wp\/v2\/posts\/1565\/revisions\/1604"}],"wp:attachment":[{"href":"https:\/\/chorege.ch\/index.php?rest_route=%2Fwp%2Fv2%2Fmedia&parent=1565"}],"wp:term":[{"taxonomy":"category","embeddable":true,"href":"https:\/\/chorege.ch\/index.php?rest_route=%2Fwp%2Fv2%2Fcategories&post=1565"},{"taxonomy":"post_tag","embeddable":true,"href":"https:\/\/chorege.ch\/index.php?rest_route=%2Fwp%2Fv2%2Ftags&post=1565"}],"curies":[{"name":"wp","href":"https:\/\/api.w.org\/{rel}","templated":true}]}}