{"id":2089,"date":"2017-04-28T09:22:26","date_gmt":"2017-04-28T08:22:26","guid":{"rendered":"http:\/\/chorege.ch\/?p=2089"},"modified":"2017-05-19T09:57:51","modified_gmt":"2017-05-19T08:57:51","slug":"fete-cantonale-des-chanteurs-vaudois-echallens-2017","status":"publish","type":"post","link":"https:\/\/chorege.ch\/?p=2089","title":{"rendered":"F\u00eate Cantonale des Chanteurs Vaudois &#8211; Echallens 2017"},"content":{"rendered":"<p style=\"text-align: center;\">NOUVEAU : quelques <a href=\"http:\/\/chorege.ch\/?page_id=174\">photos<\/a> de notre dernier concert \ud83d\ude09<br \/>\noffertes par <a href=\"http:\/\/www.d-aprilli.net\">d&rsquo;Aprilli<\/a> Merci!<br \/>\n+ revue de presse !<\/p>\n<p><a href=\"http:\/\/chorege.ch\/wp-content\/uploads\/2017\/04\/logofc2017petit.jpg\"><img loading=\"lazy\" decoding=\"async\" class=\"size-medium wp-image-2091 aligncenter\" src=\"http:\/\/chorege.ch\/wp-content\/uploads\/2017\/04\/logofc2017petit-300x139.jpg\" alt=\"logofc2017petit\" width=\"300\" height=\"139\" srcset=\"https:\/\/chorege.ch\/wp-content\/uploads\/2017\/04\/logofc2017petit-300x139.jpg 300w, https:\/\/chorege.ch\/wp-content\/uploads\/2017\/04\/logofc2017petit.jpg 463w\" sizes=\"auto, (max-width: 300px) 100vw, 300px\" \/><\/a><\/p>\n<p style=\"text-align: center;\">les pr\u00e9paratifs sont \u00e0 bout touchant&#8230;<\/p>\n<p style=\"text-align: center;\">Nous nous produirons dans la cat\u00e9gorie \u00ab\u00a0concours ensemble vocal\u00a0\u00bb au Temple d&rsquo;Echallens le samedi 20 mai d\u00e8s 16h00 (entr\u00e9e Fr. 20.-)<\/p>\n<p style=\"text-align: center;\">Vous pouvez cliquer sur <a href=\"http:\/\/www.leschantsencoeur.ch\/\">ce lien<\/a> pour avoir tout le programme de la F\u00eate<br \/>\net sur <a href=\"http:\/\/www.leschantsencoeur.ch\/actualites.php\">celui-ci<\/a> pour le d\u00e9tail du \u00ab\u00a0concours ensembles vocaux\u00a0\u00bb (d\u00e9filer vers le bas)<\/p>\n<p style=\"text-align: center;\">A bient\u00f4t \ud83d\ude09<\/p>\n","protected":false},"excerpt":{"rendered":"<p>NOUVEAU : quelques photos de notre dernier concert \ud83d\ude09 offertes par d&rsquo;Aprilli Merci! + revue de presse ! les pr\u00e9paratifs sont \u00e0 bout touchant&#8230; Nous nous produirons dans la cat\u00e9gorie \u00ab\u00a0concours ensemble vocal\u00a0\u00bb au Temple d&rsquo;Echallens le samedi 20 mai d\u00e8s 16h00 (entr\u00e9e Fr. 20.-) Vous pouvez cliquer sur ce lien pour avoir tout le programme de la F\u00eate et sur celui-ci pour le d\u00e9tail du \u00ab\u00a0concours ensembles vocaux\u00a0\u00bb (d\u00e9filer vers le bas) A bient\u00f4t \ud83d\ude09<\/p>\n","protected":false},"author":8,"featured_media":0,"comment_status":"open","ping_status":"closed","sticky":false,"template":"","format":"standard","meta":{"ngg_post_thumbnail":0,"footnotes":""},"categories":[1],"tags":[],"class_list":["post-2089","post","type-post","status-publish","format-standard","hentry","category-default"],"_links":{"self":[{"href":"https:\/\/chorege.ch\/index.php?rest_route=\/wp\/v2\/posts\/2089","targetHints":{"allow":["GET"]}}],"collection":[{"href":"https:\/\/chorege.ch\/index.php?rest_route=\/wp\/v2\/posts"}],"about":[{"href":"https:\/\/chorege.ch\/index.php?rest_route=\/wp\/v2\/types\/post"}],"author":[{"embeddable":true,"href":"https:\/\/chorege.ch\/index.php?rest_route=\/wp\/v2\/users\/8"}],"replies":[{"embeddable":true,"href":"https:\/\/chorege.ch\/index.php?rest_route=%2Fwp%2Fv2%2Fcomments&post=2089"}],"version-history":[{"count":7,"href":"https:\/\/chorege.ch\/index.php?rest_route=\/wp\/v2\/posts\/2089\/revisions"}],"predecessor-version":[{"id":2123,"href":"https:\/\/chorege.ch\/index.php?rest_route=\/wp\/v2\/posts\/2089\/revisions\/2123"}],"wp:attachment":[{"href":"https:\/\/chorege.ch\/index.php?rest_route=%2Fwp%2Fv2%2Fmedia&parent=2089"}],"wp:term":[{"taxonomy":"category","embeddable":true,"href":"https:\/\/chorege.ch\/index.php?rest_route=%2Fwp%2Fv2%2Fcategories&post=2089"},{"taxonomy":"post_tag","embeddable":true,"href":"https:\/\/chorege.ch\/index.php?rest_route=%2Fwp%2Fv2%2Ftags&post=2089"}],"curies":[{"name":"wp","href":"https:\/\/api.w.org\/{rel}","templated":true}]}}