{"id":2726,"date":"2019-08-26T19:49:15","date_gmt":"2019-08-26T18:49:15","guid":{"rendered":"http:\/\/chorege.ch\/?p=2726"},"modified":"2019-08-26T19:51:39","modified_gmt":"2019-08-26T18:51:39","slug":"2726","status":"publish","type":"post","link":"https:\/\/chorege.ch\/?p=2726","title":{"rendered":"Chor\u00e8ge en concert samedi 21 septembre 2019 \u00e0 20h00 au GYB \u00e0 Payerne"},"content":{"rendered":"<p><a href=\"http:\/\/chorege.ch\/wp-content\/uploads\/2019\/08\/affiche-automne-2019.jpg\"><img loading=\"lazy\" decoding=\"async\" class=\"wp-image-2716 aligncenter\" src=\"http:\/\/chorege.ch\/wp-content\/uploads\/2019\/08\/affiche-automne-2019-300x212.jpg\" alt=\"affiche automne 2019\" width=\"442\" height=\"312\" srcset=\"https:\/\/chorege.ch\/wp-content\/uploads\/2019\/08\/affiche-automne-2019-300x212.jpg 300w, https:\/\/chorege.ch\/wp-content\/uploads\/2019\/08\/affiche-automne-2019-768x543.jpg 768w, https:\/\/chorege.ch\/wp-content\/uploads\/2019\/08\/affiche-automne-2019-1024x724.jpg 1024w, https:\/\/chorege.ch\/wp-content\/uploads\/2019\/08\/affiche-automne-2019-588x416.jpg 588w\" sizes=\"auto, (max-width: 442px) 100vw, 442px\" \/><\/a><\/p>\n","protected":false},"excerpt":{"rendered":"","protected":false},"author":123456,"featured_media":0,"comment_status":"open","ping_status":"closed","sticky":false,"template":"","format":"standard","meta":{"ngg_post_thumbnail":0,"footnotes":""},"categories":[1],"tags":[],"class_list":["post-2726","post","type-post","status-publish","format-standard","hentry","category-default"],"_links":{"self":[{"href":"https:\/\/chorege.ch\/index.php?rest_route=\/wp\/v2\/posts\/2726","targetHints":{"allow":["GET"]}}],"collection":[{"href":"https:\/\/chorege.ch\/index.php?rest_route=\/wp\/v2\/posts"}],"about":[{"href":"https:\/\/chorege.ch\/index.php?rest_route=\/wp\/v2\/types\/post"}],"author":[{"embeddable":true,"href":"https:\/\/chorege.ch\/index.php?rest_route=\/wp\/v2\/users\/123456"}],"replies":[{"embeddable":true,"href":"https:\/\/chorege.ch\/index.php?rest_route=%2Fwp%2Fv2%2Fcomments&post=2726"}],"version-history":[{"count":3,"href":"https:\/\/chorege.ch\/index.php?rest_route=\/wp\/v2\/posts\/2726\/revisions"}],"predecessor-version":[{"id":2729,"href":"https:\/\/chorege.ch\/index.php?rest_route=\/wp\/v2\/posts\/2726\/revisions\/2729"}],"wp:attachment":[{"href":"https:\/\/chorege.ch\/index.php?rest_route=%2Fwp%2Fv2%2Fmedia&parent=2726"}],"wp:term":[{"taxonomy":"category","embeddable":true,"href":"https:\/\/chorege.ch\/index.php?rest_route=%2Fwp%2Fv2%2Fcategories&post=2726"},{"taxonomy":"post_tag","embeddable":true,"href":"https:\/\/chorege.ch\/index.php?rest_route=%2Fwp%2Fv2%2Ftags&post=2726"}],"curies":[{"name":"wp","href":"https:\/\/api.w.org\/{rel}","templated":true}]}}