{"id":3417,"date":"2020-11-03T17:17:00","date_gmt":"2020-11-03T16:17:00","guid":{"rendered":"http:\/\/chorege.ch\/?p=3417"},"modified":"2026-08-03T16:11:30","modified_gmt":"2026-08-03T15:11:30","slug":"bienvenue-a-nos-concerts-de-lavent","status":"publish","type":"post","link":"https:\/\/chorege.ch\/?p=3417","title":{"rendered":"Chor\u00e8ge vous donne rendez-vous :"},"content":{"rendered":"\n<div class=\"wp-block-group\"><div class=\"wp-block-group__inner-container is-layout-constrained wp-block-group-is-layout-constrained\">\n<div class=\"wp-block-group\"><div class=\"wp-block-group__inner-container is-layout-constrained wp-block-group-is-layout-constrained\">\n<div style=\"height:100px\" aria-hidden=\"true\" class=\"wp-block-spacer\"><\/div>\n\n\n\n<h2 class=\"wp-block-heading has-text-align-center\">Samedi 3 octobre 2026 \u00e0 Guin <br>Dimanche 4 octobre 2026 \u00e0 Payerne<\/h2>\n\n\n\n<p class=\"has-text-align-center has-medium-font-size wp-block-paragraph\"><strong>Pour des concerts en collaboration avec 2 autres ch\u0153urs fribourgeois !<\/strong><\/p>\n<\/div><\/div>\n<\/div><\/div>\n\n\n<div class=\"wp-block-image\">\n<figure class=\"aligncenter size-large\"><a href=\"https:\/\/chorege.ch\/wp-content\/uploads\/2020\/11\/Flyer-2.png\"><img loading=\"lazy\" decoding=\"async\" width=\"720\" height=\"1024\" src=\"https:\/\/chorege.ch\/wp-content\/uploads\/2020\/11\/Flyer-2-720x1024.png\" alt=\"\" class=\"wp-image-6712\" srcset=\"https:\/\/chorege.ch\/wp-content\/uploads\/2020\/11\/Flyer-2-720x1024.png 720w, https:\/\/chorege.ch\/wp-content\/uploads\/2020\/11\/Flyer-2-211x300.png 211w, https:\/\/chorege.ch\/wp-content\/uploads\/2020\/11\/Flyer-2.png 724w\" sizes=\"auto, (max-width: 720px) 100vw, 720px\" \/><\/a><\/figure>\n<\/div>\n\n\n<h2 class=\"wp-block-heading\">Chor\u00e8ge recrute des basses, des barytons et des t\u00e9nors<\/h2>\n\n\n\n<p class=\"wp-block-paragraph\">Rejoignez-nous le mardi soir au Coll\u00e8ge Derri\u00e8re La Tour le mardi soir \u00e0 20h15<\/p>\n\n\n\n<div style=\"height:96px\" aria-hidden=\"true\" class=\"wp-block-spacer\"><\/div>\n\n\n\n<h2 class=\"wp-block-heading has-text-align-left\"><a href=\"https:\/\/chorege.ch\/?page_id=174\">Chor\u00e8ge en sons et images<\/a><\/h2>\n\n\n\n<p class=\"wp-block-paragraph\"><\/p>\n\n\n\n<div style=\"height:98px\" aria-hidden=\"true\" class=\"wp-block-spacer\"><\/div>\n\n\n\n<h2 class=\"wp-block-heading\">Nos journaux du Chor\u00e9gien vous donnent un aper\u00e7u de la vie du choeur depuis de nombreuses ann\u00e9es !<\/h2>\n\n\n\n<p class=\"wp-block-paragraph\"><\/p>\n\n\n\n<ul class=\"wp-block-list\">\n<li><a href=\"https:\/\/chorege.ch\/wp-content\/uploads\/2026\/08\/bulletin-2025-planche.pdf\" data-type=\"attachment\" data-id=\"6840\" target=\"_blank\" rel=\"noreferrer noopener\">Automne 2025<\/a><\/li>\n\n\n\n<li><a href=\"https:\/\/chorege.ch\/?page_id=5802\" data-type=\"page\" data-id=\"5802\">Anciens Chor\u00e9gien<\/a><\/li>\n<\/ul>\n\n\n\n<hr class=\"wp-block-separator has-alpha-channel-opacity is-style-wide\"\/>\n\n\n\n<div style=\"height:81px\" aria-hidden=\"true\" class=\"wp-block-spacer\"><\/div>\n\n\n\n<p class=\"wp-block-paragraph\">Vous aimeriez nous apporter votre soutien vous pouvez le faire en versant une cotisation annuelle de 25.-, en contrepartie vous recevrez notre journal. &nbsp;Infos bancaires pour le versement des cotisations membres-amis : Banque Raiffeisen Broye \/ 1530 Payerne \/<\/p>\n\n\n\n\n\n<address>Ensemble Chor\u00e8ge &#8211; 1530 Payerne&nbsp;<\/address>\n\n\n\n<address>\n<p>IBAN CH45 8080 8004 5026 0223 3<\/p>\n<\/address>\n\n\n\n<div class=\"wp-block-columns is-layout-flex wp-container-core-columns-is-layout-7387b849 wp-block-columns-is-layout-flex\">\n<div class=\"wp-block-column is-layout-flow wp-block-column-is-layout-flow\" style=\"flex-basis:100%\"><\/div>\n<\/div>\n\n\n\n<figure class=\"wp-block-image size-full\"><a href=\"https:\/\/chorege.ch\/wp-content\/uploads\/2020\/11\/Capture-decran-2026-03-31-a-18.04.58.png\"><img loading=\"lazy\" decoding=\"async\" width=\"324\" height=\"266\" src=\"https:\/\/chorege.ch\/wp-content\/uploads\/2020\/11\/Capture-decran-2026-03-31-a-18.04.58.png\" alt=\"\" class=\"wp-image-6671\" srcset=\"https:\/\/chorege.ch\/wp-content\/uploads\/2020\/11\/Capture-decran-2026-03-31-a-18.04.58.png 324w, https:\/\/chorege.ch\/wp-content\/uploads\/2020\/11\/Capture-decran-2026-03-31-a-18.04.58-300x246.png 300w\" sizes=\"auto, (max-width: 324px) 100vw, 324px\" \/><\/a><\/figure>\n\n\n\n<p class=\"wp-block-paragraph\"><\/p>\n","protected":false},"excerpt":{"rendered":"<p>Samedi 3 octobre 2026 \u00e0 Guin Dimanche 4 octobre 2026 \u00e0 Payerne Pour des concerts en collaboration avec 2 autres ch\u0153urs fribourgeois ! Chor\u00e8ge recrute des basses, des barytons et des t\u00e9nors Rejoignez-nous le mardi soir au Coll\u00e8ge Derri\u00e8re La Tour le mardi soir \u00e0 20h15 Chor\u00e8ge en sons et images Nos journaux du Chor\u00e9gien vous donnent un aper\u00e7u de la vie du choeur depuis de nombreuses ann\u00e9es ! Vous aimeriez nous apporter votre soutien vous pouvez le faire en versant une cotisation annuelle de 25.-, en contrepartie vous recevrez notre journal. &nbsp;Infos bancaires pour le versement des cotisations membres-amis : Banque Raiffeisen Broye \/ 1530 Payerne \/ Ensemble Chor\u00e8ge &#8211; 1530 Payerne&nbsp; IBAN CH45 8080 8004 5026 0223 3<\/p>\n","protected":false},"author":123457,"featured_media":0,"comment_status":"closed","ping_status":"closed","sticky":false,"template":"","format":"image","meta":{"ngg_post_thumbnail":0,"footnotes":""},"categories":[1],"tags":[],"class_list":["post-3417","post","type-post","status-publish","format-image","hentry","category-default","post_format-post-format-image"],"_links":{"self":[{"href":"https:\/\/chorege.ch\/index.php?rest_route=\/wp\/v2\/posts\/3417","targetHints":{"allow":["GET"]}}],"collection":[{"href":"https:\/\/chorege.ch\/index.php?rest_route=\/wp\/v2\/posts"}],"about":[{"href":"https:\/\/chorege.ch\/index.php?rest_route=\/wp\/v2\/types\/post"}],"author":[{"embeddable":true,"href":"https:\/\/chorege.ch\/index.php?rest_route=\/wp\/v2\/users\/123457"}],"replies":[{"embeddable":true,"href":"https:\/\/chorege.ch\/index.php?rest_route=%2Fwp%2Fv2%2Fcomments&post=3417"}],"version-history":[{"count":273,"href":"https:\/\/chorege.ch\/index.php?rest_route=\/wp\/v2\/posts\/3417\/revisions"}],"predecessor-version":[{"id":6843,"href":"https:\/\/chorege.ch\/index.php?rest_route=\/wp\/v2\/posts\/3417\/revisions\/6843"}],"wp:attachment":[{"href":"https:\/\/chorege.ch\/index.php?rest_route=%2Fwp%2Fv2%2Fmedia&parent=3417"}],"wp:term":[{"taxonomy":"category","embeddable":true,"href":"https:\/\/chorege.ch\/index.php?rest_route=%2Fwp%2Fv2%2Fcategories&post=3417"},{"taxonomy":"post_tag","embeddable":true,"href":"https:\/\/chorege.ch\/index.php?rest_route=%2Fwp%2Fv2%2Ftags&post=3417"}],"curies":[{"name":"wp","href":"https:\/\/api.w.org\/{rel}","templated":true}]}}