{"id":419,"date":"2012-06-14T14:03:21","date_gmt":"2012-06-14T13:03:21","guid":{"rendered":"http:\/\/chorege.ch\/?p=419"},"modified":"2012-06-14T14:05:18","modified_gmt":"2012-06-14T13:05:18","slug":"photos-du-concert-de-chene-paquier","status":"publish","type":"post","link":"https:\/\/chorege.ch\/?p=419","title":{"rendered":"Photos du concert de Ch\u00eane-P\u00e2quier"},"content":{"rendered":"<p><a href=\"http:\/\/chorege.ch\/wp-content\/uploads\/2012\/06\/Chor\u00e8ge-concert-Ch\u00eane-P\u00e2quier-2012-027.jpg\"><img loading=\"lazy\" decoding=\"async\" class=\"alignleft size-medium wp-image-420\" title=\"Chor\u00e8ge concert Ch\u00eane-P\u00e2quier 2012 027\" src=\"http:\/\/chorege.ch\/wp-content\/uploads\/2012\/06\/Chor\u00e8ge-concert-Ch\u00eane-P\u00e2quier-2012-027-300x225.jpg\" alt=\"\" width=\"300\" height=\"225\" srcset=\"https:\/\/chorege.ch\/wp-content\/uploads\/2012\/06\/Chor\u00e8ge-concert-Ch\u00eane-P\u00e2quier-2012-027-300x225.jpg 300w, https:\/\/chorege.ch\/wp-content\/uploads\/2012\/06\/Chor\u00e8ge-concert-Ch\u00eane-P\u00e2quier-2012-027-1024x768.jpg 1024w, https:\/\/chorege.ch\/wp-content\/uploads\/2012\/06\/Chor\u00e8ge-concert-Ch\u00eane-P\u00e2quier-2012-027-588x441.jpg 588w\" sizes=\"auto, (max-width: 300px) 100vw, 300px\" \/><\/a>choeur de dames: MILA<\/p>\n<p>&nbsp;<\/p>\n<p><a href=\"http:\/\/chorege.ch\/wp-content\/uploads\/2012\/06\/Chor\u00e8ge-concert-Ch\u00eane-P\u00e2quier-2012-022.jpg\"><img loading=\"lazy\" decoding=\"async\" class=\"alignright size-medium wp-image-421\" title=\"Chor\u00e8ge concert Ch\u00eane-P\u00e2quier 2012 022\" src=\"http:\/\/chorege.ch\/wp-content\/uploads\/2012\/06\/Chor\u00e8ge-concert-Ch\u00eane-P\u00e2quier-2012-022-300x225.jpg\" alt=\"\" width=\"300\" height=\"225\" srcset=\"https:\/\/chorege.ch\/wp-content\/uploads\/2012\/06\/Chor\u00e8ge-concert-Ch\u00eane-P\u00e2quier-2012-022-300x225.jpg 300w, https:\/\/chorege.ch\/wp-content\/uploads\/2012\/06\/Chor\u00e8ge-concert-Ch\u00eane-P\u00e2quier-2012-022-1024x768.jpg 1024w, https:\/\/chorege.ch\/wp-content\/uploads\/2012\/06\/Chor\u00e8ge-concert-Ch\u00eane-P\u00e2quier-2012-022-588x441.jpg 588w\" sizes=\"auto, (max-width: 300px) 100vw, 300px\" \/><\/a>\u00a0\u00a0\u00a0\u00a0\u00a0\u00a0\u00a0\u00a0\u00a0\u00a0\u00a0\u00a0\u00a0\u00a0\u00a0\u00a0\u00a0\u00a0\u00a0\u00a0\u00a0\u00a0\u00a0\u00a0\u00a0\u00a0\u00a0\u00a0\u00a0\u00a0\u00a0\u00a0\u00a0\u00a0\u00a0\u00a0\u00a0\u00a0\u00a0\u00a0\u00a0\u00a0\u00a0\u00a0\u00a0\u00a0\u00a0\u00a0\u00a0\u00a0\u00a0\u00a0 une partie du choeur<\/p>\n","protected":false},"excerpt":{"rendered":"<p>choeur de dames: MILA &nbsp; \u00a0\u00a0\u00a0\u00a0\u00a0\u00a0\u00a0\u00a0\u00a0\u00a0\u00a0\u00a0\u00a0\u00a0\u00a0\u00a0\u00a0\u00a0\u00a0\u00a0\u00a0\u00a0\u00a0\u00a0\u00a0\u00a0\u00a0\u00a0\u00a0\u00a0\u00a0\u00a0\u00a0\u00a0\u00a0\u00a0\u00a0\u00a0\u00a0\u00a0\u00a0\u00a0\u00a0\u00a0\u00a0\u00a0\u00a0\u00a0\u00a0\u00a0\u00a0\u00a0 une partie du choeur<\/p>\n","protected":false},"author":8,"featured_media":0,"comment_status":"open","ping_status":"closed","sticky":false,"template":"","format":"standard","meta":{"ngg_post_thumbnail":0,"footnotes":""},"categories":[1],"tags":[],"class_list":["post-419","post","type-post","status-publish","format-standard","hentry","category-default"],"_links":{"self":[{"href":"https:\/\/chorege.ch\/index.php?rest_route=\/wp\/v2\/posts\/419","targetHints":{"allow":["GET"]}}],"collection":[{"href":"https:\/\/chorege.ch\/index.php?rest_route=\/wp\/v2\/posts"}],"about":[{"href":"https:\/\/chorege.ch\/index.php?rest_route=\/wp\/v2\/types\/post"}],"author":[{"embeddable":true,"href":"https:\/\/chorege.ch\/index.php?rest_route=\/wp\/v2\/users\/8"}],"replies":[{"embeddable":true,"href":"https:\/\/chorege.ch\/index.php?rest_route=%2Fwp%2Fv2%2Fcomments&post=419"}],"version-history":[{"count":4,"href":"https:\/\/chorege.ch\/index.php?rest_route=\/wp\/v2\/posts\/419\/revisions"}],"predecessor-version":[{"id":425,"href":"https:\/\/chorege.ch\/index.php?rest_route=\/wp\/v2\/posts\/419\/revisions\/425"}],"wp:attachment":[{"href":"https:\/\/chorege.ch\/index.php?rest_route=%2Fwp%2Fv2%2Fmedia&parent=419"}],"wp:term":[{"taxonomy":"category","embeddable":true,"href":"https:\/\/chorege.ch\/index.php?rest_route=%2Fwp%2Fv2%2Fcategories&post=419"},{"taxonomy":"post_tag","embeddable":true,"href":"https:\/\/chorege.ch\/index.php?rest_route=%2Fwp%2Fv2%2Ftags&post=419"}],"curies":[{"name":"wp","href":"https:\/\/api.w.org\/{rel}","templated":true}]}}