{"id":482,"date":"2012-11-20T16:54:30","date_gmt":"2012-11-20T15:54:30","guid":{"rendered":"http:\/\/chorege.ch\/?p=482"},"modified":"2012-11-21T17:10:52","modified_gmt":"2012-11-21T16:10:52","slug":"bienvenue-2","status":"publish","type":"post","link":"https:\/\/chorege.ch\/?p=482","title":{"rendered":"Bienvenue"},"content":{"rendered":"<h3>L&rsquo;ensemble Chor\u00e8ge vous souhaite la bienvenue sur son site.<\/h3>\n<p>Nos concerts de l&rsquo;Avent auront lieu :<\/p>\n<ul>\n<li>Samedi 1er d\u00e9cembre 2012, 20h \u00e0 l&rsquo;\u00e9glise de Ressudens<\/li>\n<li>Dimanche 9 d\u00e9cembre 2012, 17h \u00e0 Corcelles p\/Payerne<\/li>\n<li>Samedi 22 d\u00e9cembre 2012, 20h concert des Kiwanis\/ Payerne<\/li>\n<\/ul>\n<p>&nbsp;<\/p>\n<p><a href=\"http:\/\/chorege.ch\/wp-content\/uploads\/2012\/10\/Chor\u00e8ge-053.jpg\"><img loading=\"lazy\" decoding=\"async\" class=\"aligncenter size-large wp-image-515\" title=\"Chor\u00e8ge 053\" src=\"http:\/\/chorege.ch\/wp-content\/uploads\/2012\/10\/Chor\u00e8ge-053-1024x617.jpg\" alt=\"\" width=\"474\" height=\"285\" srcset=\"https:\/\/chorege.ch\/wp-content\/uploads\/2012\/10\/Chor\u00e8ge-053-1024x617.jpg 1024w, https:\/\/chorege.ch\/wp-content\/uploads\/2012\/10\/Chor\u00e8ge-053-300x180.jpg 300w, https:\/\/chorege.ch\/wp-content\/uploads\/2012\/10\/Chor\u00e8ge-053-588x354.jpg 588w\" sizes=\"auto, (max-width: 474px) 100vw, 474px\" \/><\/a><\/p>\n<p>&nbsp;<\/p>\n<p>&nbsp;<\/p>\n","protected":false},"excerpt":{"rendered":"<p>L&rsquo;ensemble Chor\u00e8ge vous souhaite la bienvenue sur son site. Nos concerts de l&rsquo;Avent auront lieu : Samedi 1er d\u00e9cembre 2012, 20h \u00e0 l&rsquo;\u00e9glise de Ressudens Dimanche 9 d\u00e9cembre 2012, 17h \u00e0 Corcelles p\/Payerne Samedi 22 d\u00e9cembre 2012, 20h concert des Kiwanis\/ Payerne &nbsp; &nbsp; &nbsp;<\/p>\n","protected":false},"author":8,"featured_media":0,"comment_status":"open","ping_status":"closed","sticky":false,"template":"","format":"standard","meta":{"ngg_post_thumbnail":0,"footnotes":""},"categories":[1],"tags":[],"class_list":["post-482","post","type-post","status-publish","format-standard","hentry","category-default"],"_links":{"self":[{"href":"https:\/\/chorege.ch\/index.php?rest_route=\/wp\/v2\/posts\/482","targetHints":{"allow":["GET"]}}],"collection":[{"href":"https:\/\/chorege.ch\/index.php?rest_route=\/wp\/v2\/posts"}],"about":[{"href":"https:\/\/chorege.ch\/index.php?rest_route=\/wp\/v2\/types\/post"}],"author":[{"embeddable":true,"href":"https:\/\/chorege.ch\/index.php?rest_route=\/wp\/v2\/users\/8"}],"replies":[{"embeddable":true,"href":"https:\/\/chorege.ch\/index.php?rest_route=%2Fwp%2Fv2%2Fcomments&post=482"}],"version-history":[{"count":15,"href":"https:\/\/chorege.ch\/index.php?rest_route=\/wp\/v2\/posts\/482\/revisions"}],"predecessor-version":[{"id":485,"href":"https:\/\/chorege.ch\/index.php?rest_route=\/wp\/v2\/posts\/482\/revisions\/485"}],"wp:attachment":[{"href":"https:\/\/chorege.ch\/index.php?rest_route=%2Fwp%2Fv2%2Fmedia&parent=482"}],"wp:term":[{"taxonomy":"category","embeddable":true,"href":"https:\/\/chorege.ch\/index.php?rest_route=%2Fwp%2Fv2%2Fcategories&post=482"},{"taxonomy":"post_tag","embeddable":true,"href":"https:\/\/chorege.ch\/index.php?rest_route=%2Fwp%2Fv2%2Ftags&post=482"}],"curies":[{"name":"wp","href":"https:\/\/api.w.org\/{rel}","templated":true}]}}